{"id":1131,"date":"2024-12-04T12:45:13","date_gmt":"2024-12-04T12:45:13","guid":{"rendered":"https:\/\/digi-ucsyd.dk\/?p=1131"},"modified":"2024-12-04T12:45:13","modified_gmt":"2024-12-04T12:45:13","slug":"matematisk-modelleringskompetence-som-redskab-til-almendannelse","status":"publish","type":"post","link":"https:\/\/digi-ucsyd.dk\/?p=1131","title":{"rendered":"Matematisk modelleringskompetence som redskab til almendannelse"},"content":{"rendered":"\n<figure class=\"wp-block-image size-full\"><img loading=\"lazy\" decoding=\"async\" width=\"643\" height=\"380\" src=\"https:\/\/digi-ucsyd.dk\/wp-content\/uploads\/2024\/12\/Madspild.png\" alt=\"\" class=\"wp-image-1132\" srcset=\"https:\/\/digi-ucsyd.dk\/wp-content\/uploads\/2024\/12\/Madspild.png 643w, https:\/\/digi-ucsyd.dk\/wp-content\/uploads\/2024\/12\/Madspild-300x177.png 300w\" sizes=\"auto, (max-width: 709px) 85vw, (max-width: 909px) 67vw, (max-width: 984px) 61vw, (max-width: 1362px) 45vw, 600px\" \/><\/figure>\n\n\n\n<p>Hej medstuderende!<\/p>\n\n\n\n<p>Jeg har udarbejdet dette professionsessay i Matematik, hvor jeg har \u00f8nsket at unders\u00f8ge hvordan den matematiske modelleringskompetence, som rummer potentialet til at forbinde matematiske begreber med virkelighedens sammenh\u00e6nge, kan fremme elevernes almene dannelse.&nbsp;<\/p>\n\n\n\n<p>Med andre ord har jeg tilrettelagt et undervisningsforl\u00f8b hvorigennem jeg har \u00f8nsket at unders\u00f8ge, hvordan den matematiske modellering kan underst\u00f8tte matematik som et dannelsesfag i skolen.<\/p>\n\n\n\n<p>Mit unders\u00f8gelsessp\u00f8rgsm\u00e5l lyder:&nbsp;<\/p>\n\n\n\n<p>\u201dHvordan kan matematikundervisning fremme almendannelse ved at styrke elever i 6. klasses modelleringskompetence?\u201d<\/p>\n\n\n\n<div data-wp-interactive=\"core\/file\" class=\"wp-block-file\"><object data-wp-bind--hidden=\"!state.hasPdfPreview\" hidden class=\"wp-block-file__embed\" data=\"https:\/\/digi-ucsyd.dk\/wp-content\/uploads\/2024\/12\/Professionsessay-Matematik-Etape-3.pdf\" type=\"application\/pdf\" style=\"width:100%;height:600px\" aria-label=\"Embed Professionsessay - Matematik Etape 3.\"><\/object><a id=\"wp-block-file--media-231a73b0-1101-4229-acb4-275e4678e820\" href=\"https:\/\/digi-ucsyd.dk\/wp-content\/uploads\/2024\/12\/Professionsessay-Matematik-Etape-3.pdf\">Professionsessay &#8211; Matematik Etape 3<\/a><a href=\"https:\/\/digi-ucsyd.dk\/wp-content\/uploads\/2024\/12\/Professionsessay-Matematik-Etape-3.pdf\" class=\"wp-block-file__button wp-element-button\" download aria-describedby=\"wp-block-file--media-231a73b0-1101-4229-acb4-275e4678e820\">Download<\/a><\/div>\n\n\n\n<p><a href=\"https:\/\/eur02.safelinks.protection.outlook.com\/?url=https%3A%2F%2Fwww.studietube.dk%2Fmedia%2F9468682%2Fs5u31stswn5mb9yacy1ih0ismfs5tooqtu2r2elo&amp;data=05%7C02%7Clahp%40ucsyd.dk%7Cfeade6cffb8d4ef8a73b08dd145e2a0e%7C31240c9f6150480384df28b22fb965a4%7C0%7C0%7C638689120201913109%7CUnknown%7CTWFpbGZsb3d8eyJFbXB0eU1hcGkiOnRydWUsIlYiOiIwLjAuMDAwMCIsIlAiOiJXaW4zMiIsIkFOIjoiTWFpbCIsIldUIjoyfQ%3D%3D%7C0%7C%7C%7C&amp;sdata=vgbAfv1F%2BlWgl4JsgZ%2B74oUv%2BU%2B1jEBkSK5BBXGnvhc%3D&amp;reserved=0\" data-type=\"link\" data-id=\"https:\/\/eur02.safelinks.protection.outlook.com\/?url=https%3A%2F%2Fwww.studietube.dk%2Fmedia%2F9468682%2Fs5u31stswn5mb9yacy1ih0ismfs5tooqtu2r2elo&amp;data=05%7C02%7Clahp%40ucsyd.dk%7Cfeade6cffb8d4ef8a73b08dd145e2a0e%7C31240c9f6150480384df28b22fb965a4%7C0%7C0%7C638689120201913109%7CUnknown%7CTWFpbGZsb3d8eyJFbXB0eU1hcGkiOnRydWUsIlYiOiIwLjAuMDAwMCIsIlAiOiJXaW4zMiIsIkFOIjoiTWFpbCIsIldUIjoyfQ%3D%3D%7C0%7C%7C%7C&amp;sdata=vgbAfv1F%2BlWgl4JsgZ%2B74oUv%2BU%2B1jEBkSK5BBXGnvhc%3D&amp;reserved=0\">Min DIGI-talk<\/a><\/p>\n\n\n\n<p>Mange hilsner<\/p>\n\n\n\n<p>Iben<\/p>\n","protected":false},"excerpt":{"rendered":"<p>Hej medstuderende! Jeg har udarbejdet dette professionsessay i Matematik, hvor jeg har \u00f8nsket at unders\u00f8ge hvordan den matematiske modelleringskompetence, som rummer potentialet til at forbinde matematiske begreber med virkelighedens sammenh\u00e6nge, kan fremme elevernes almene dannelse.&nbsp; Med andre ord har jeg tilrettelagt et undervisningsforl\u00f8b hvorigennem jeg har \u00f8nsket at unders\u00f8ge, hvordan den matematiske modellering kan underst\u00f8tte &hellip; <a href=\"https:\/\/digi-ucsyd.dk\/?p=1131\" class=\"more-link\">L\u00e6s videre<span class=\"screen-reader-text\"> &#8220;Matematisk modelleringskompetence som redskab til almendannelse&#8221;<\/span><\/a><\/p>\n","protected":false},"author":2,"featured_media":0,"comment_status":"closed","ping_status":"","sticky":false,"template":"","format":"standard","meta":{"footnotes":""},"categories":[1],"tags":[572,479,570,110,569,571],"class_list":["post-1131","post","type-post","status-publish","format-standard","hentry","category-uncategorized","tag-dannelsesfag","tag-iben","tag-kompetencebaseret","tag-matematik","tag-modellering","tag-modelleringskompetence"],"_links":{"self":[{"href":"https:\/\/digi-ucsyd.dk\/index.php?rest_route=\/wp\/v2\/posts\/1131","targetHints":{"allow":["GET"]}}],"collection":[{"href":"https:\/\/digi-ucsyd.dk\/index.php?rest_route=\/wp\/v2\/posts"}],"about":[{"href":"https:\/\/digi-ucsyd.dk\/index.php?rest_route=\/wp\/v2\/types\/post"}],"author":[{"embeddable":true,"href":"https:\/\/digi-ucsyd.dk\/index.php?rest_route=\/wp\/v2\/users\/2"}],"replies":[{"embeddable":true,"href":"https:\/\/digi-ucsyd.dk\/index.php?rest_route=%2Fwp%2Fv2%2Fcomments&post=1131"}],"version-history":[{"count":1,"href":"https:\/\/digi-ucsyd.dk\/index.php?rest_route=\/wp\/v2\/posts\/1131\/revisions"}],"predecessor-version":[{"id":1134,"href":"https:\/\/digi-ucsyd.dk\/index.php?rest_route=\/wp\/v2\/posts\/1131\/revisions\/1134"}],"wp:attachment":[{"href":"https:\/\/digi-ucsyd.dk\/index.php?rest_route=%2Fwp%2Fv2%2Fmedia&parent=1131"}],"wp:term":[{"taxonomy":"category","embeddable":true,"href":"https:\/\/digi-ucsyd.dk\/index.php?rest_route=%2Fwp%2Fv2%2Fcategories&post=1131"},{"taxonomy":"post_tag","embeddable":true,"href":"https:\/\/digi-ucsyd.dk\/index.php?rest_route=%2Fwp%2Fv2%2Ftags&post=1131"}],"curies":[{"name":"wp","href":"https:\/\/api.w.org\/{rel}","templated":true}]}}